{"id":14834,"date":"2025-04-10T11:42:19","date_gmt":"2025-04-10T15:42:19","guid":{"rendered":"https:\/\/montrealcentreville.ca\/?p=14834"},"modified":"2025-04-10T11:43:22","modified_gmt":"2025-04-10T15:43:22","slug":"rue-sainte-catherine-ouest-redevelopment-montreal-centre-ville-welcomes-adjustments-announced-by-the-city","status":"publish","type":"post","link":"https:\/\/montrealcentreville.ca\/en\/communiques-en\/rue-sainte-catherine-ouest-redevelopment-montreal-centre-ville-welcomes-adjustments-announced-by-the-city\/","title":{"rendered":"Rue Sainte-Catherine Ouest redevelopment: Montr\u00e9al centre-ville welcomes adjustments announced by the city"},"content":{"rendered":"\n    <section class=\"wysiwyg || relative section slate\">\n        <div class=\"circle-big || absolute top-10 -left-[50px] || md:top-20 md:-left-[100px] xl:-left-[150px]\"><\/div>\n        \n<span class=\"absolute top-0 left-0\" ><\/span>        <div class=\"wrapper || relative flex justify-center \">\n            <div class=\"wysiwyg-container || w-full \">\n                <p><strong>MONTREAL, April 10, 2025<\/strong> &#8211; Montr\u00e9al centre-ville welcomes the adjustments made to Phase 3 of the Rue Sainte-Catherine Ouest redevelopment project, announced today by the Ville de Montr\u00e9al. These modifications notably result from strong mobilization led by Montr\u00e9al centre-ville in close collaboration with businesses and key stakeholders in the area, to ensure the project&#8217;s review and modification.<\/p>\n<p>Since the initial announcement last November, Montr\u00e9al centre-ville members have expressed numerous concerns regarding the potential impacts of permanent pedestrianization on their commercial activities. At their request, the organization undertook an in-depth analysis of the project, as well as sustained dialogue with City representatives to propose corrections, including a more progressive and concerted approach based on best practices observed in Montreal and internationally.<\/p>\n<p>The adjustments to the redevelopment project and the establishment of a working committee bringing together Montr\u00e9al centre-ville and other partners represent concrete progress. It will now be possible to review the proposed developments and plan, collaboratively, the gradual implementation of pedestrianization projects, taking into account the economic and operational realities of the downtown area, as well as the evolution of the commercial fabric and visitor habits.<\/p>\n<p>&nbsp;<\/p>\n            <\/div>\n                    <\/div>\n    <\/section>\n\n\n\n    <section class=\"blockquote [&#038;_+_.section]:mt-0 relative flex justify-center || section white !-my-20\">\n        \n<span class=\"absolute top-0 left-0\" ><\/span>        <div class=\"wrapper || max-w-[960px] flex flex-col justify-center text-center relative || xl:px-0\">\n            <div class=\"wysiwyg-container first-of-type:prose-p:mt-0 || relative !font-neue !text-[22px] !leading-[120%] !text-neutral isolate || sm:!text-[24px] xl:!text-[26px] 2xl:!text-[32px]\">\n                <div class=\"marks || absolute -left-[15px] -top-[15px] w-[35px] -z-[1] || lg:w-[44px] lg:-left-[44px]\">\n                    <svg width=\"100%\" height=\"100%\" viewBox=\"0 0 44 29\" fill=\"none\" xmlns=\"http:\/\/www.w3.org\/2000\/svg\">\n<path d=\"M9.65854 10.5455C14.9691 10.5455 19.2741 14.6767 19.2741 19.7727C19.2741 24.8687 14.9691 29 9.65854 29C4.34797 29 0.0429268 24.8687 0.0429268 19.7727L0 18.4545C0 8.26236 8.61009 0 19.2312 0V5.27273C15.5621 5.27273 12.1125 6.64388 9.51799 9.1336C9.01858 9.61292 8.56279 10.1229 8.15163 10.6586C8.64263 10.5844 9.14582 10.5455 9.65854 10.5455ZM34.3844 10.5455C39.6949 10.5455 44 14.6767 44 19.7727C44 24.8687 39.6949 29 34.3844 29C29.0739 29 24.7688 24.8687 24.7688 19.7727L24.7259 18.4545C24.7259 8.26236 33.3359 0 43.9571 0V5.27273C40.288 5.27273 36.8383 6.64388 34.2438 9.1336C33.7444 9.61292 33.2886 10.1229 32.8774 10.6586C33.3684 10.5844 33.8716 10.5455 34.3844 10.5455Z\" fill=\"#3D43B5\"\/>\n<\/svg>\n                <\/div>\n                <p>For a project of this magnitude to succeed, it must be carried out with and for the merchants and businesses. The openness demonstrated in recent weeks, as well as the commitment to progress in stages, are steps in the right direction<\/p>\n            <\/div>\n                            <p class=\"body-text || mt-6 md:mt-10\">Glenn Castanheira<\/p>\n                                        <p class=\"subtitle || mt-1\">Executive Director of Montr\u00e9al centre-ville<\/p>\n                    <\/div>\n    <\/section>\n\n\n\n    <section class=\"wysiwyg || relative section slate\">\n        <div class=\"circle-big || absolute top-10 -left-[50px] || md:top-20 md:-left-[100px] xl:-left-[150px]\"><\/div>\n        \n<span class=\"absolute top-0 left-0\" ><\/span>        <div class=\"wrapper || relative flex justify-center \">\n            <div class=\"wysiwyg-container || w-full \">\n                <p>&nbsp;<\/p>\n<p>Montr\u00e9al centre-ville reaffirms its commitment to an ambitious vision for Rue Sainte-Catherine Ouest, provided that it is based on a proven, inclusive, and concerted approach. The organization remains fully mobilized to defend the interests of its members throughout the process and will ensure that the decisions made contribute to a dynamic, prosperous, and accessible downtown for all.<\/p>\n<p><strong>About Montr\u00e9al centre-ville<\/strong><\/p>\n<p>Founded in 1999, the Soci\u00e9t\u00e9 de d\u00e9veloppement commercial (SDC) Montr\u00e9al centre-ville is a non-profit organization that brings together nearly 5,000 member businesses located between Atwater Avenue and Saint-Urbain Street, and between Sherbrooke Street and Saint-Antoine Street. It is the largest organization of its kind in Canada.<\/p>\n<p>Source and info : Dany St-Jean \u2013 514-212-5457<\/p>\n            <\/div>\n                    <\/div>\n    <\/section>\n","protected":false},"excerpt":{"rendered":"","protected":false},"author":2,"featured_media":14831,"comment_status":"closed","ping_status":"closed","sticky":false,"template":"","format":"standard","meta":{"_acf_changed":true,"inline_featured_image":false,"_price":"","_stock":"","_tribe_ticket_header":"","_tribe_default_ticket_provider":"","_tribe_ticket_capacity":"0","_ticket_start_date":"","_ticket_end_date":"","_tribe_ticket_show_description":"","_tribe_ticket_show_not_going":false,"_tribe_ticket_use_global_stock":"","_tribe_ticket_global_stock_level":"","_global_stock_mode":"","_global_stock_cap":"","_tribe_rsvp_for_event":"","_tribe_ticket_going_count":"","_tribe_ticket_not_going_count":"","_tribe_tickets_list":"[]","_tribe_ticket_has_attendee_info_fields":false,"wds_primary_category":32,"footnotes":""},"categories":[32],"tags":[],"class_list":["post-14834","post","type-post","status-publish","format-standard","has-post-thumbnail","hentry","category-communiques-en"],"acf":[],"_links":{"self":[{"href":"https:\/\/montrealcentreville.ca\/en\/wp-json\/wp\/v2\/posts\/14834","targetHints":{"allow":["GET"]}}],"collection":[{"href":"https:\/\/montrealcentreville.ca\/en\/wp-json\/wp\/v2\/posts"}],"about":[{"href":"https:\/\/montrealcentreville.ca\/en\/wp-json\/wp\/v2\/types\/post"}],"author":[{"embeddable":true,"href":"https:\/\/montrealcentreville.ca\/en\/wp-json\/wp\/v2\/users\/2"}],"replies":[{"embeddable":true,"href":"https:\/\/montrealcentreville.ca\/en\/wp-json\/wp\/v2\/comments?post=14834"}],"version-history":[{"count":0,"href":"https:\/\/montrealcentreville.ca\/en\/wp-json\/wp\/v2\/posts\/14834\/revisions"}],"wp:featuredmedia":[{"embeddable":true,"href":"https:\/\/montrealcentreville.ca\/en\/wp-json\/wp\/v2\/media\/14831"}],"wp:attachment":[{"href":"https:\/\/montrealcentreville.ca\/en\/wp-json\/wp\/v2\/media?parent=14834"}],"wp:term":[{"taxonomy":"category","embeddable":true,"href":"https:\/\/montrealcentreville.ca\/en\/wp-json\/wp\/v2\/categories?post=14834"},{"taxonomy":"post_tag","embeddable":true,"href":"https:\/\/montrealcentreville.ca\/en\/wp-json\/wp\/v2\/tags?post=14834"}],"curies":[{"name":"wp","href":"https:\/\/api.w.org\/{rel}","templated":true}]}}